{"id":8523,"date":"2025-03-27T08:23:00","date_gmt":"2025-03-27T08:23:00","guid":{"rendered":"https:\/\/skolski-puls.com.hr\/?p=8523"},"modified":"2025-03-27T08:23:00","modified_gmt":"2025-03-27T08:23:00","slug":"ucenici-visih-razreda-iv-os-varazdin-u-kinu-gledali-film-drazen","status":"publish","type":"post","link":"https:\/\/skolski-puls.com.hr\/?p=8523","title":{"rendered":"U\u010denici vi\u0161ih razreda IV. O\u0160 Vara\u017edin u kinu gledali film &#8220;Dra\u017een&#8221;"},"content":{"rendered":"<p>Svoju sjajnu i trofejima ispunjenu karijeru po\u010deo je sa svega 15 godina u dresu prvoliga\u0161kog kluba \u0160ibenke, a \u00a0desetlje\u0107e poslije obilje\u017eio je europsku i svjetsku ko\u0161arku. Naravno, on je Dra\u017een Petrovi\u0107, legendarni hrvatski ko\u0161arka\u0161 koji je tragi\u010dno stradao na vrhuncu karijere u prometnoj nesre\u0107i 1993. godine.<\/p>\n<p>U\u010denici \u010cetvrte upoznali su njegov lik i djelo kroz biografski film redatelja\u00a0Danila \u0160erbed\u017eije\u00a0i\u00a0Ljube Zdjelarevi\u0107a. Scenarist je\u00a0<a class=\"new\" title=\"Ivan Turkovi\u0107-Krnjak (stranica ne postoji)\" href=\"https:\/\/hr.wikipedia.org\/w\/index.php?title=Ivan_Turkovi%C4%87-Krnjak&amp;action=edit&amp;redlink=1\">I<\/a>van Turkovi\u0107-Krnjak, dok su autori projekta i producenti Ljubo Zdjelarevi\u0107 i\u00a0Ivor \u0160iber.<\/p>\n<p>Projekciji filma prisustvovali su 14. o\u017eujka 2025. godine u kinu &#8220;Gaj&#8221; kada su u \u010cetvrtoj u njihovim klupama sjedili najbolji matemati\u010dari Vara\u017edinske \u017eupanije i marljivo rje\u0161avali zadatke pred sobom.<\/p>\n<p><img loading=\"lazy\" decoding=\"async\" class=\"alignnone size-full wp-image-8524\" src=\"https:\/\/skolski-puls.com.hr\/wp-content\/uploads\/2025\/03\/IMG20250314091733.jpg\" alt=\"\" width=\"1200\" height=\"544\" srcset=\"https:\/\/skolski-puls.com.hr\/wp-content\/uploads\/2025\/03\/IMG20250314091733.jpg 1200w, https:\/\/skolski-puls.com.hr\/wp-content\/uploads\/2025\/03\/IMG20250314091733-1024x464.jpg 1024w, https:\/\/skolski-puls.com.hr\/wp-content\/uploads\/2025\/03\/IMG20250314091733-768x348.jpg 768w, https:\/\/skolski-puls.com.hr\/wp-content\/uploads\/2025\/03\/IMG20250314091733-640x290.jpg 640w\" sizes=\"auto, (max-width: 1200px) 100vw, 1200px\" \/> <img loading=\"lazy\" decoding=\"async\" class=\"alignnone size-medium wp-image-8525\" src=\"https:\/\/skolski-puls.com.hr\/wp-content\/uploads\/2025\/03\/IMG20250314085744.jpg\" alt=\"\" width=\"1200\" height=\"544\" srcset=\"https:\/\/skolski-puls.com.hr\/wp-content\/uploads\/2025\/03\/IMG20250314085744.jpg 1200w, https:\/\/skolski-puls.com.hr\/wp-content\/uploads\/2025\/03\/IMG20250314085744-1024x464.jpg 1024w, https:\/\/skolski-puls.com.hr\/wp-content\/uploads\/2025\/03\/IMG20250314085744-768x348.jpg 768w, https:\/\/skolski-puls.com.hr\/wp-content\/uploads\/2025\/03\/IMG20250314085744-640x290.jpg 640w\" sizes=\"auto, (max-width: 1200px) 100vw, 1200px\" \/><\/p>\n","protected":false},"excerpt":{"rendered":"<p>Svoju sjajnu i trofejima ispunjenu karijeru po\u010deo je sa svega 15 godina u dresu prvoliga\u0161kog kluba \u0160ibenke, a \u00a0desetlje\u0107e poslije obilje\u017eio je europsku i svjetsku ko\u0161arku. Naravno, on je Dra\u017een Petrovi\u0107, legendarni hrvatski ko\u0161arka\u0161 koji je tragi\u010dno stradao na vrhuncu karijere u prometnoj nesre\u0107i 1993. godine. U\u010denici \u010cetvrte upoznali su njegov lik i djelo kroz [&hellip;]<\/p>\n","protected":false},"author":2,"featured_media":8525,"comment_status":"open","ping_status":"open","sticky":false,"template":"","format":"standard","meta":{"footnotes":""},"categories":[14],"tags":[],"class_list":["post-8523","post","type-post","status-publish","format-standard","has-post-thumbnail","hentry","category-iz-skolskog-hodnika"],"_links":{"self":[{"href":"https:\/\/skolski-puls.com.hr\/index.php?rest_route=\/wp\/v2\/posts\/8523","targetHints":{"allow":["GET"]}}],"collection":[{"href":"https:\/\/skolski-puls.com.hr\/index.php?rest_route=\/wp\/v2\/posts"}],"about":[{"href":"https:\/\/skolski-puls.com.hr\/index.php?rest_route=\/wp\/v2\/types\/post"}],"author":[{"embeddable":true,"href":"https:\/\/skolski-puls.com.hr\/index.php?rest_route=\/wp\/v2\/users\/2"}],"replies":[{"embeddable":true,"href":"https:\/\/skolski-puls.com.hr\/index.php?rest_route=%2Fwp%2Fv2%2Fcomments&post=8523"}],"version-history":[{"count":1,"href":"https:\/\/skolski-puls.com.hr\/index.php?rest_route=\/wp\/v2\/posts\/8523\/revisions"}],"predecessor-version":[{"id":8526,"href":"https:\/\/skolski-puls.com.hr\/index.php?rest_route=\/wp\/v2\/posts\/8523\/revisions\/8526"}],"wp:featuredmedia":[{"embeddable":true,"href":"https:\/\/skolski-puls.com.hr\/index.php?rest_route=\/wp\/v2\/media\/8525"}],"wp:attachment":[{"href":"https:\/\/skolski-puls.com.hr\/index.php?rest_route=%2Fwp%2Fv2%2Fmedia&parent=8523"}],"wp:term":[{"taxonomy":"category","embeddable":true,"href":"https:\/\/skolski-puls.com.hr\/index.php?rest_route=%2Fwp%2Fv2%2Fcategories&post=8523"},{"taxonomy":"post_tag","embeddable":true,"href":"https:\/\/skolski-puls.com.hr\/index.php?rest_route=%2Fwp%2Fv2%2Ftags&post=8523"}],"curies":[{"name":"wp","href":"https:\/\/api.w.org\/{rel}","templated":true}]}}