{"id":9516,"date":"2025-06-15T18:04:54","date_gmt":"2025-06-15T18:04:54","guid":{"rendered":"https:\/\/skolski-puls.com.hr\/?p=9516"},"modified":"2025-06-15T18:04:54","modified_gmt":"2025-06-15T18:04:54","slug":"nagradivanje-najuspjesnijih-ucenika-i-mentora","status":"publish","type":"post","link":"https:\/\/skolski-puls.com.hr\/?p=9516","title":{"rendered":"Nagra\u0111ivanje najuspje\u0161nijih u\u010denika i mentora"},"content":{"rendered":"<p>U srijedu je u Koncertnoj dvorani Vara\u017edin u Hrvatskom narodnom kazali\u0161tu odr\u017eana sve\u010dana dodjela nagrada i priznanja najuspje\u0161nijim u\u010denicima osnovnih \u0161kola Grada Vara\u017edina za \u0161kolsku godinu 2024.\/2025. Gradona\u010delnik Vara\u017edina, dr. sc. Neven Bosilj, uru\u010dio je nagrade i zahvalnice za 263 u\u010denika i njihovih 35 mentora. Nagra\u0111eni su za iznimna postignu\u0107a u znanju i sportu.<\/p>\n<p>Me\u0111u nagra\u0111enima bili su i u\u010denici na\u0161e \u0161kole, njih 32 uz mentore, <strong>Marka \u017dganca, Romana Divjaka, Sliviju \u0160piranec i Marinu Mavrek<\/strong>. Nagra\u0111eni u\u010denici su <strong>Marija Papec, Ana Jakopec, Jessica Regja, Gabrijela Cepanec, Helena Cepanec, Zara Korotaj, Roko Petra\u010d, Marija \u0160anjek, Jura Bencek, Vito Grabar, Roko Hudoletnjak, Vito Puklavec,Tin Ore\u0161ki, Viktor Olja Vidovi\u0107, Alan Marciu\u0161, Ian Kondi\u0107, Matija Vincek, Fran Leskovar, Karlo Kozjak, Nik Pintari\u0107, Eva Gradin\u0161\u0107ak, Dora Hu\u0111ek, Anamarija Marijanovi\u0107, Bella Be\u0161vir, Tea Cvilko, Roza Golubi\u0107, Sofija \u0160amec, Lena Kolenko,\u00a0<\/strong><\/p>\n<p>Isti dan, u na\u0161oj \u0161koli odr\u017eano je prigodno \u010da\u0161\u0107enje te kino projekcija u Kinu Gaj (film <em>Ne damo igrali\u0161te<\/em>) za na\u0161e u\u010denike i mentore koji su sudjelovali na natjecanjima na \u017eupanijskoj i dr\u017eavnoj razini. Veliko hvala mentorima, Mariji Globan, Dijani Ga\u0161parac, Silviji Hrn\u010di\u0107 Martini Kne\u017ei\u0107,\u00a0 Kristini Sadiba\u0161i\u0107, Romanu Divjaku, Janji Venchiarutti,\u00a0 Branki Geto\u0161, Miji Su\u010di\u0107u,\u00a0 Maji \u0110akmanec Loborec, Manueli Drk, MarkuA \u017dgancu, Andreji Kranj\u010di\u0107,\u00a0 Silviji \u0160piranec i Marini Mavrek koji su sa svojim radom dali zna\u010dajni doprinos uspjehu u\u010denika.<\/p>\n<p>Hvala vam \u0161to svojim znanjem i uspjesima doprinosite ugledu na\u0161e IV. osnovne \u0161kole Vara\u017edin!<\/p>\n<div id='gallery-1' class='gallery galleryid-9516 gallery-columns-3 gallery-size-thumbnail'><figure class='gallery-item'>\n\t\t\t<div class='gallery-icon landscape'>\n\t\t\t\t<a href='https:\/\/skolski-puls.com.hr\/wp-content\/uploads\/2025\/06\/1_68498418ddcdf.jpg'><img loading=\"lazy\" decoding=\"async\" width=\"150\" height=\"150\" src=\"https:\/\/skolski-puls.com.hr\/wp-content\/uploads\/2025\/06\/1_68498418ddcdf-150x150.jpg\" class=\"attachment-thumbnail size-thumbnail\" alt=\"\" \/><\/a>\n\t\t\t<\/div><\/figure><figure class='gallery-item'>\n\t\t\t<div class='gallery-icon landscape'>\n\t\t\t\t<a href='https:\/\/skolski-puls.com.hr\/wp-content\/uploads\/2025\/06\/12_6849841addc81_700xr.jpg'><img loading=\"lazy\" decoding=\"async\" width=\"150\" height=\"150\" src=\"https:\/\/skolski-puls.com.hr\/wp-content\/uploads\/2025\/06\/12_6849841addc81_700xr-150x150.jpg\" class=\"attachment-thumbnail size-thumbnail\" alt=\"\" \/><\/a>\n\t\t\t<\/div><\/figure><figure class='gallery-item'>\n\t\t\t<div class='gallery-icon landscape'>\n\t\t\t\t<a href='https:\/\/skolski-puls.com.hr\/wp-content\/uploads\/2025\/06\/10_6849841a7c890_700xr.jpg'><img loading=\"lazy\" decoding=\"async\" width=\"150\" height=\"150\" src=\"https:\/\/skolski-puls.com.hr\/wp-content\/uploads\/2025\/06\/10_6849841a7c890_700xr-150x150.jpg\" class=\"attachment-thumbnail size-thumbnail\" alt=\"\" \/><\/a>\n\t\t\t<\/div><\/figure><figure class='gallery-item'>\n\t\t\t<div class='gallery-icon landscape'>\n\t\t\t\t<a href='https:\/\/skolski-puls.com.hr\/wp-content\/uploads\/2025\/06\/9_6849841a47d44_700xr.jpg'><img loading=\"lazy\" decoding=\"async\" width=\"150\" height=\"150\" src=\"https:\/\/skolski-puls.com.hr\/wp-content\/uploads\/2025\/06\/9_6849841a47d44_700xr-150x150.jpg\" class=\"attachment-thumbnail size-thumbnail\" alt=\"\" \/><\/a>\n\t\t\t<\/div><\/figure>\n\t\t<\/div>\n\n","protected":false},"excerpt":{"rendered":"<p>U srijedu je u Koncertnoj dvorani Vara\u017edin u Hrvatskom narodnom kazali\u0161tu odr\u017eana sve\u010dana dodjela nagrada i priznanja najuspje\u0161nijim u\u010denicima osnovnih \u0161kola Grada Vara\u017edina za \u0161kolsku godinu 2024.\/2025. Gradona\u010delnik Vara\u017edina, dr. sc. Neven Bosilj, uru\u010dio je nagrade i zahvalnice za 263 u\u010denika i njihovih 35 mentora. Nagra\u0111eni su za iznimna postignu\u0107a u znanju i sportu. Me\u0111u [&hellip;]<\/p>\n","protected":false},"author":2,"featured_media":9517,"comment_status":"open","ping_status":"open","sticky":false,"template":"","format":"standard","meta":{"footnotes":""},"categories":[14],"tags":[],"class_list":["post-9516","post","type-post","status-publish","format-standard","has-post-thumbnail","hentry","category-iz-skolskog-hodnika"],"_links":{"self":[{"href":"https:\/\/skolski-puls.com.hr\/index.php?rest_route=\/wp\/v2\/posts\/9516","targetHints":{"allow":["GET"]}}],"collection":[{"href":"https:\/\/skolski-puls.com.hr\/index.php?rest_route=\/wp\/v2\/posts"}],"about":[{"href":"https:\/\/skolski-puls.com.hr\/index.php?rest_route=\/wp\/v2\/types\/post"}],"author":[{"embeddable":true,"href":"https:\/\/skolski-puls.com.hr\/index.php?rest_route=\/wp\/v2\/users\/2"}],"replies":[{"embeddable":true,"href":"https:\/\/skolski-puls.com.hr\/index.php?rest_route=%2Fwp%2Fv2%2Fcomments&post=9516"}],"version-history":[{"count":1,"href":"https:\/\/skolski-puls.com.hr\/index.php?rest_route=\/wp\/v2\/posts\/9516\/revisions"}],"predecessor-version":[{"id":9521,"href":"https:\/\/skolski-puls.com.hr\/index.php?rest_route=\/wp\/v2\/posts\/9516\/revisions\/9521"}],"wp:featuredmedia":[{"embeddable":true,"href":"https:\/\/skolski-puls.com.hr\/index.php?rest_route=\/wp\/v2\/media\/9517"}],"wp:attachment":[{"href":"https:\/\/skolski-puls.com.hr\/index.php?rest_route=%2Fwp%2Fv2%2Fmedia&parent=9516"}],"wp:term":[{"taxonomy":"category","embeddable":true,"href":"https:\/\/skolski-puls.com.hr\/index.php?rest_route=%2Fwp%2Fv2%2Fcategories&post=9516"},{"taxonomy":"post_tag","embeddable":true,"href":"https:\/\/skolski-puls.com.hr\/index.php?rest_route=%2Fwp%2Fv2%2Ftags&post=9516"}],"curies":[{"name":"wp","href":"https:\/\/api.w.org\/{rel}","templated":true}]}}