{"id":9581,"date":"2025-06-17T07:51:09","date_gmt":"2025-06-17T07:51:09","guid":{"rendered":"https:\/\/skolski-puls.com.hr\/?p=9581"},"modified":"2025-06-17T07:54:32","modified_gmt":"2025-06-17T07:54:32","slug":"niksa-vaupotic-dobitnik-oskara-znanja","status":"publish","type":"post","link":"https:\/\/skolski-puls.com.hr\/?p=9581","title":{"rendered":"Nik\u0161a Vaupoti\u0107 dobitnik Oskara znanja"},"content":{"rendered":"<p>Agencija za odgoj i obrazovanje organizirala je i ove godine sve\u010danost dodjele nagrade <strong>Oskar znanja, <\/strong>\u00a0priznanje koje se dodjeljuje u\u010denicima i studentima koji su osvojili jedno od prva tri mjesta na dr\u017eavnim i me\u0111unarodnim natjecanjima i smotrama znanja.<\/p>\n<p>Skulpturu Ivice Propadala, slikara i dizajnera, u \u0161kolskoj godini 2024.\/2025. primilo je ukupno 462 u\u010denika, a zahvalnica za predan i stru\u010dan rad uru\u010dena je i mentorima nagra\u0111enih u\u010denika.<\/p>\n<p>Ponosni smo \u0161to je me\u0111u najuspje\u0161nijima i u\u010denik IV. osnovne \u0161kole Vara\u017edin, u\u010denik<strong> 8.a<\/strong> razreda <strong>Nik\u0161a Vaupoti\u0107.<\/strong><\/p>\n<p>Nik\u0161a je dobitnik Oskara znanja u kategoriji <em>U\u010denici pobjednici me\u0111unarodnih natjecanja i olimpijada dobitnici Oskara znanja u \u0161kolskoj godini 2024.\/2025. <\/em>za osvojeno 3. mjesto na 5. Europskom RoboCup Junior natjecanju odr\u017eanom u Hannoveru u lipnju 2024.<\/p>\n<p><img loading=\"lazy\" decoding=\"async\" class=\"alignnone size-full wp-image-9583\" src=\"https:\/\/skolski-puls.com.hr\/wp-content\/uploads\/2025\/06\/1000031677-e1750144984747.jpg\" alt=\"\" width=\"541\" height=\"1200\" srcset=\"https:\/\/skolski-puls.com.hr\/wp-content\/uploads\/2025\/06\/1000031677-e1750144984747.jpg 541w, https:\/\/skolski-puls.com.hr\/wp-content\/uploads\/2025\/06\/1000031677-e1750144984747-462x1024.jpg 462w\" sizes=\"auto, (max-width: 541px) 100vw, 541px\" \/><\/p>\n","protected":false},"excerpt":{"rendered":"<p>Agencija za odgoj i obrazovanje organizirala je i ove godine sve\u010danost dodjele nagrade Oskar znanja, \u00a0priznanje koje se dodjeljuje u\u010denicima i studentima koji su osvojili jedno od prva tri mjesta na dr\u017eavnim i me\u0111unarodnim natjecanjima i smotrama znanja. Skulpturu Ivice Propadala, slikara i dizajnera, u \u0161kolskoj godini 2024.\/2025. primilo je ukupno 462 u\u010denika, a zahvalnica [&hellip;]<\/p>\n","protected":false},"author":2,"featured_media":9582,"comment_status":"open","ping_status":"open","sticky":false,"template":"","format":"standard","meta":{"footnotes":""},"categories":[14],"tags":[],"class_list":["post-9581","post","type-post","status-publish","format-standard","has-post-thumbnail","hentry","category-iz-skolskog-hodnika"],"_links":{"self":[{"href":"https:\/\/skolski-puls.com.hr\/index.php?rest_route=\/wp\/v2\/posts\/9581","targetHints":{"allow":["GET"]}}],"collection":[{"href":"https:\/\/skolski-puls.com.hr\/index.php?rest_route=\/wp\/v2\/posts"}],"about":[{"href":"https:\/\/skolski-puls.com.hr\/index.php?rest_route=\/wp\/v2\/types\/post"}],"author":[{"embeddable":true,"href":"https:\/\/skolski-puls.com.hr\/index.php?rest_route=\/wp\/v2\/users\/2"}],"replies":[{"embeddable":true,"href":"https:\/\/skolski-puls.com.hr\/index.php?rest_route=%2Fwp%2Fv2%2Fcomments&post=9581"}],"version-history":[{"count":2,"href":"https:\/\/skolski-puls.com.hr\/index.php?rest_route=\/wp\/v2\/posts\/9581\/revisions"}],"predecessor-version":[{"id":9585,"href":"https:\/\/skolski-puls.com.hr\/index.php?rest_route=\/wp\/v2\/posts\/9581\/revisions\/9585"}],"wp:featuredmedia":[{"embeddable":true,"href":"https:\/\/skolski-puls.com.hr\/index.php?rest_route=\/wp\/v2\/media\/9582"}],"wp:attachment":[{"href":"https:\/\/skolski-puls.com.hr\/index.php?rest_route=%2Fwp%2Fv2%2Fmedia&parent=9581"}],"wp:term":[{"taxonomy":"category","embeddable":true,"href":"https:\/\/skolski-puls.com.hr\/index.php?rest_route=%2Fwp%2Fv2%2Fcategories&post=9581"},{"taxonomy":"post_tag","embeddable":true,"href":"https:\/\/skolski-puls.com.hr\/index.php?rest_route=%2Fwp%2Fv2%2Ftags&post=9581"}],"curies":[{"name":"wp","href":"https:\/\/api.w.org\/{rel}","templated":true}]}}