{"id":9604,"date":"2025-09-18T11:46:47","date_gmt":"2025-09-18T11:46:47","guid":{"rendered":"https:\/\/skolski-puls.com.hr\/?p=9604"},"modified":"2025-09-18T11:46:47","modified_gmt":"2025-09-18T11:46:47","slug":"u-novu-skolsku-godinu-s-novom-ucionicom-na-otvorenom-i-novouredenim-okolisem","status":"publish","type":"post","link":"https:\/\/skolski-puls.com.hr\/?p=9604","title":{"rendered":"U novu \u0161kolsku godinu s novom u\u010dionicom na otvorenom i novoure\u0111enim okoli\u0161em"},"content":{"rendered":"<div>Nova \u0161kolska godina za u\u010denike IV. osnovne \u0161kole Vara\u017edin zapo\u010dela je u sve\u010danom tonu. Pjesmom i plesom do\u010dekani su u\u010denici koji prvi put sjedaju u \u0161kolske klupe, njih ukupno 49 raspore\u0111eno je u tri razredna odjela.<\/div>\n<div>Zahvaljuju\u0107i velikodu\u0161nim donacijama i predanom radu, prostor oko IV. osnovne \u0161kole dobio je potpuno novi izgled te je i za ostale u\u010denike u \u0161koli i oko \u0161kole obilje novih i zanimljivih sadr\u017eaja pa je \u010cetvrta s veseljem predstavila u\u010denicima novu u\u010dionicu na otvorenom.<\/div>\n<div>U \u0160koli isti\u010du kako ovaj projekt ne bi bio mogu\u0107 bez podr\u0161ke i truda \u010ditave zajednice.<\/div>\n<div>Posebne zahvale zaslu\u017euju <strong>Maja \u0110akmanec Loborec<\/strong> i autoprijevoznik <strong>Tugomir Loborec<\/strong> koji su donirali palete, temelj za namje\u0161taj u u\u010dionici na otvorenom; <strong>TEHNO-PARTNER<\/strong> d.o.o. i <strong>Marija Pincan<\/strong> na podr\u0161ci i donaciji.<\/div>\n<div>Roditeljima u\u010denika IV. O\u0160, <strong>Borisu Korotaju<\/strong>, <strong>Jasmini Miki\u0107 \u0110uri\u0107<\/strong> i <strong>Milanu \u0110uri\u0107u<\/strong>, gospodinu <strong>Sandru Stipeti\u0107u<\/strong> i <strong>Anti Sudecu<\/strong> zahvaljuju na ulo\u017eenom vremenu, radu i dobroj volji.<\/div>\n<div>Posla poput bojenja namje\u0161taja i zavr\u0161nog ure\u0111enja jo\u0161 ima, ali prvi i najva\u017eniji korak je u\u010dinjen. Nova u\u010dionica obogati \u0107e nastavu, potaknuti boravak u\u010denika na otvorenom i postati omiljeno mjesto za u\u010denje i igru.<\/div>\n<div>Okoli\u0161 \u010cetvrte bogatiji je i za klupice koje su postavljene oko \u0161kole. U\u010denici ih mogu koristiti za dru\u017eenje i igru. Sredstva za financiranje klupica \u00a0prikupljena su iz projekta The WELL, Welcoming Environment for Leadind and Learning koji se provodio u protekle dvije godine. Osim klupica sredstvima iz istog projekta kupljeno je i posa\u0111eno drve\u0107e, ukrasno bilje i cvije\u0107e.<\/div>\n<div>Uz ova pobolj\u0161anja, \u0161kolska \u0107e godina za u\u010denike i djelatnike IV. osnovne \u0161kole Vara\u017edin sigurno biti jo\u0161 bolja i uspje\u0161nija.<\/div>\n<div>\n<div id='gallery-1' class='gallery galleryid-9604 gallery-columns-3 gallery-size-thumbnail'><figure class='gallery-item'>\n\t\t\t<div class='gallery-icon landscape'>\n\t\t\t\t<a href='https:\/\/skolski-puls.com.hr\/wp-content\/uploads\/2025\/09\/viber_slika_2025-09-06_19-18-05-254-1.jpg'><img loading=\"lazy\" decoding=\"async\" width=\"150\" height=\"150\" src=\"https:\/\/skolski-puls.com.hr\/wp-content\/uploads\/2025\/09\/viber_slika_2025-09-06_19-18-05-254-1-150x150.jpg\" class=\"attachment-thumbnail size-thumbnail\" alt=\"\" \/><\/a>\n\t\t\t<\/div><\/figure><figure class='gallery-item'>\n\t\t\t<div class='gallery-icon landscape'>\n\t\t\t\t<a href='https:\/\/skolski-puls.com.hr\/wp-content\/uploads\/2025\/09\/viber_slika_2025-09-06_19-18-05-254.jpg'><img loading=\"lazy\" decoding=\"async\" width=\"150\" height=\"150\" src=\"https:\/\/skolski-puls.com.hr\/wp-content\/uploads\/2025\/09\/viber_slika_2025-09-06_19-18-05-254-150x150.jpg\" class=\"attachment-thumbnail size-thumbnail\" alt=\"\" \/><\/a>\n\t\t\t<\/div><\/figure><figure class='gallery-item'>\n\t\t\t<div class='gallery-icon landscape'>\n\t\t\t\t<a href='https:\/\/skolski-puls.com.hr\/wp-content\/uploads\/2025\/09\/viber_slika_2025-09-06_19-18-05-293.jpg'><img loading=\"lazy\" decoding=\"async\" width=\"150\" height=\"150\" src=\"https:\/\/skolski-puls.com.hr\/wp-content\/uploads\/2025\/09\/viber_slika_2025-09-06_19-18-05-293-150x150.jpg\" class=\"attachment-thumbnail size-thumbnail\" alt=\"\" \/><\/a>\n\t\t\t<\/div><\/figure><figure class='gallery-item'>\n\t\t\t<div class='gallery-icon landscape'>\n\t\t\t\t<a href='https:\/\/skolski-puls.com.hr\/wp-content\/uploads\/2025\/09\/viber_slika_2025-09-06_19-18-05-408.jpg'><img loading=\"lazy\" decoding=\"async\" width=\"150\" height=\"150\" src=\"https:\/\/skolski-puls.com.hr\/wp-content\/uploads\/2025\/09\/viber_slika_2025-09-06_19-18-05-408-150x150.jpg\" class=\"attachment-thumbnail size-thumbnail\" alt=\"\" \/><\/a>\n\t\t\t<\/div><\/figure><figure class='gallery-item'>\n\t\t\t<div class='gallery-icon landscape'>\n\t\t\t\t<a href='https:\/\/skolski-puls.com.hr\/wp-content\/uploads\/2025\/09\/viber_slika_2025-09-06_19-18-05-490-1.jpg'><img loading=\"lazy\" decoding=\"async\" width=\"150\" height=\"150\" src=\"https:\/\/skolski-puls.com.hr\/wp-content\/uploads\/2025\/09\/viber_slika_2025-09-06_19-18-05-490-1-150x150.jpg\" class=\"attachment-thumbnail size-thumbnail\" alt=\"\" \/><\/a>\n\t\t\t<\/div><\/figure><figure class='gallery-item'>\n\t\t\t<div class='gallery-icon landscape'>\n\t\t\t\t<a href='https:\/\/skolski-puls.com.hr\/wp-content\/uploads\/2025\/09\/viber_slika_2025-09-06_19-18-05-490.jpg'><img loading=\"lazy\" decoding=\"async\" width=\"150\" height=\"150\" src=\"https:\/\/skolski-puls.com.hr\/wp-content\/uploads\/2025\/09\/viber_slika_2025-09-06_19-18-05-490-150x150.jpg\" class=\"attachment-thumbnail size-thumbnail\" alt=\"\" \/><\/a>\n\t\t\t<\/div><\/figure><figure class='gallery-item'>\n\t\t\t<div class='gallery-icon landscape'>\n\t\t\t\t<a href='https:\/\/skolski-puls.com.hr\/wp-content\/uploads\/2025\/09\/viber_slika_2025-09-08_11-20-59-789.jpg'><img loading=\"lazy\" decoding=\"async\" width=\"150\" height=\"150\" src=\"https:\/\/skolski-puls.com.hr\/wp-content\/uploads\/2025\/09\/viber_slika_2025-09-08_11-20-59-789-150x150.jpg\" class=\"attachment-thumbnail size-thumbnail\" alt=\"\" \/><\/a>\n\t\t\t<\/div><\/figure><figure class='gallery-item'>\n\t\t\t<div class='gallery-icon landscape'>\n\t\t\t\t<a href='https:\/\/skolski-puls.com.hr\/wp-content\/uploads\/2025\/09\/viber_slika_2025-09-08_11-20-59-862.jpg'><img loading=\"lazy\" decoding=\"async\" width=\"150\" height=\"150\" src=\"https:\/\/skolski-puls.com.hr\/wp-content\/uploads\/2025\/09\/viber_slika_2025-09-08_11-20-59-862-150x150.jpg\" class=\"attachment-thumbnail size-thumbnail\" alt=\"\" \/><\/a>\n\t\t\t<\/div><\/figure><figure class='gallery-item'>\n\t\t\t<div class='gallery-icon landscape'>\n\t\t\t\t<a href='https:\/\/skolski-puls.com.hr\/wp-content\/uploads\/2025\/09\/viber_slika_2025-09-08_11-21-00-133-1.jpg'><img loading=\"lazy\" decoding=\"async\" width=\"150\" height=\"150\" src=\"https:\/\/skolski-puls.com.hr\/wp-content\/uploads\/2025\/09\/viber_slika_2025-09-08_11-21-00-133-1-150x150.jpg\" class=\"attachment-thumbnail size-thumbnail\" alt=\"\" \/><\/a>\n\t\t\t<\/div><\/figure><figure class='gallery-item'>\n\t\t\t<div class='gallery-icon landscape'>\n\t\t\t\t<a href='https:\/\/skolski-puls.com.hr\/wp-content\/uploads\/2025\/09\/viber_slika_2025-09-08_11-21-00-133.jpg'><img loading=\"lazy\" decoding=\"async\" width=\"150\" height=\"150\" src=\"https:\/\/skolski-puls.com.hr\/wp-content\/uploads\/2025\/09\/viber_slika_2025-09-08_11-21-00-133-150x150.jpg\" class=\"attachment-thumbnail size-thumbnail\" alt=\"\" \/><\/a>\n\t\t\t<\/div><\/figure>\n\t\t<\/div>\n\n<\/div>\n<div><\/div>\n","protected":false},"excerpt":{"rendered":"<p>Nova \u0161kolska godina za u\u010denike IV. osnovne \u0161kole Vara\u017edin zapo\u010dela je u sve\u010danom tonu. Pjesmom i plesom do\u010dekani su u\u010denici koji prvi put sjedaju u \u0161kolske klupe, njih ukupno 49 raspore\u0111eno je u tri razredna odjela. Zahvaljuju\u0107i velikodu\u0161nim donacijama i predanom radu, prostor oko IV. osnovne \u0161kole dobio je potpuno novi izgled te je i [&hellip;]<\/p>\n","protected":false},"author":2,"featured_media":9613,"comment_status":"open","ping_status":"open","sticky":false,"template":"","format":"standard","meta":{"footnotes":""},"categories":[14],"tags":[],"class_list":["post-9604","post","type-post","status-publish","format-standard","has-post-thumbnail","hentry","category-iz-skolskog-hodnika"],"_links":{"self":[{"href":"https:\/\/skolski-puls.com.hr\/index.php?rest_route=\/wp\/v2\/posts\/9604","targetHints":{"allow":["GET"]}}],"collection":[{"href":"https:\/\/skolski-puls.com.hr\/index.php?rest_route=\/wp\/v2\/posts"}],"about":[{"href":"https:\/\/skolski-puls.com.hr\/index.php?rest_route=\/wp\/v2\/types\/post"}],"author":[{"embeddable":true,"href":"https:\/\/skolski-puls.com.hr\/index.php?rest_route=\/wp\/v2\/users\/2"}],"replies":[{"embeddable":true,"href":"https:\/\/skolski-puls.com.hr\/index.php?rest_route=%2Fwp%2Fv2%2Fcomments&post=9604"}],"version-history":[{"count":1,"href":"https:\/\/skolski-puls.com.hr\/index.php?rest_route=\/wp\/v2\/posts\/9604\/revisions"}],"predecessor-version":[{"id":9615,"href":"https:\/\/skolski-puls.com.hr\/index.php?rest_route=\/wp\/v2\/posts\/9604\/revisions\/9615"}],"wp:featuredmedia":[{"embeddable":true,"href":"https:\/\/skolski-puls.com.hr\/index.php?rest_route=\/wp\/v2\/media\/9613"}],"wp:attachment":[{"href":"https:\/\/skolski-puls.com.hr\/index.php?rest_route=%2Fwp%2Fv2%2Fmedia&parent=9604"}],"wp:term":[{"taxonomy":"category","embeddable":true,"href":"https:\/\/skolski-puls.com.hr\/index.php?rest_route=%2Fwp%2Fv2%2Fcategories&post=9604"},{"taxonomy":"post_tag","embeddable":true,"href":"https:\/\/skolski-puls.com.hr\/index.php?rest_route=%2Fwp%2Fv2%2Ftags&post=9604"}],"curies":[{"name":"wp","href":"https:\/\/api.w.org\/{rel}","templated":true}]}}